{"id":4289,"date":"2016-09-15T08:28:14","date_gmt":"2016-09-15T07:28:14","guid":{"rendered":"http:\/\/www.zupa-leopold-mandic.hr\/?p=4289"},"modified":"2016-09-15T08:32:16","modified_gmt":"2016-09-15T07:32:16","slug":"godisnje-euharistijsko-klanjanja-20-9-2016","status":"publish","type":"post","link":"http:\/\/www.zupa-leopold-mandic.hr\/?p=4289","title":{"rendered":"Godi\u0161nje Euharistijsko klanjanja (20.9.2016.)"},"content":{"rendered":"<p>I ove se godine u na\u0161oj \u017eupi odr\u017eava tradicionalno godi\u0161nje klanjanje i to u utorak, 20. rujna. Program je u nastavku.<\/p>\n<table>\n<tbody>\n<tr>\n<td width=\"281\"><strong>9.00<\/strong><\/td>\n<td width=\"624\">SV. MISA<\/td>\n<\/tr>\n<tr>\n<td width=\"281\"><strong>9.30<\/strong><\/td>\n<td width=\"624\">IZLAGANJE PRESVETOG OLTARSKOG SAKRAMENTA<\/td>\n<\/tr>\n<tr>\n<td width=\"281\"><strong>9.30 \u2013 10<\/strong><\/td>\n<td width=\"624\">JUTARNJE RAZMATRANJE<\/td>\n<\/tr>\n<tr>\n<td width=\"281\"><strong>10 &#8211; 12<\/strong><\/td>\n<td width=\"624\">KLANJANJE U TI\u0160INI I OSOBNA MOLITVA<\/td>\n<\/tr>\n<tr>\n<td width=\"281\"><strong>12 \u2013 12.30<\/strong><\/td>\n<td width=\"624\">AN\u0110EOSKI POZDRAV, KRUNICA SVJETLA<\/td>\n<\/tr>\n<tr>\n<td width=\"281\"><strong>13 &#8211; 17<\/strong><\/td>\n<td width=\"624\">KLANJANJE U TI\u0160INI I OSOBNA MOLITVA<\/td>\n<\/tr>\n<tr>\n<td width=\"281\"><strong>17 \u2013 17.30<\/strong><\/td>\n<td width=\"624\">VJEROU\u010cITELJI<\/td>\n<\/tr>\n<tr>\n<td width=\"281\"><strong>17.30 \u2013 18.15<\/strong><\/td>\n<td width=\"624\">MOLITVENA I BIBLIJSKA ZAJEDNICA<\/td>\n<\/tr>\n<tr>\n<td width=\"281\"><strong>18.15 \u2013 18.50<\/strong><\/td>\n<td width=\"624\">\u0110AKON<\/td>\n<\/tr>\n<tr>\n<td width=\"281\"><strong>19<\/strong><\/td>\n<td width=\"624\">SVE\u010cANA SV. MISA<\/td>\n<\/tr>\n<tr>\n<td width=\"281\"><strong>20<\/strong><\/td>\n<td width=\"624\">AGAPE (\u017eupna dvorana)<\/td>\n<\/tr>\n<\/tbody>\n<\/table>\n","protected":false},"excerpt":{"rendered":"<p>I ove se godine u na\u0161oj \u017eupi odr\u017eava tradicionalno godi\u0161nje klanjanje i to u utorak, 20. rujna. Program je u nastavku. 9.00 SV. MISA 9.30 IZLAGANJE PRESVETOG OLTARSKOG SAKRAMENTA 9.30 \u2013 10 JUTARNJE RAZMATRANJE 10 &#8211; 12 KLANJANJE U TI\u0160INI I OSOBNA MOLITVA 12 \u2013 12.30 AN\u0110EOSKI POZDRAV, KRUNICA SVJETLA 13 &#8211; 17 KLANJANJE U &#8230; <span class=\"more\"><a class=\"more-link\" href=\"http:\/\/www.zupa-leopold-mandic.hr\/?p=4289\">Vi\u0161e&#8230;<\/a><\/span><\/p>\n","protected":false},"author":1,"featured_media":0,"comment_status":"closed","ping_status":"closed","sticky":false,"template":"","format":"standard","meta":{"footnotes":""},"categories":[131],"tags":[],"class_list":{"0":"entry","1":"post","2":"publish","3":"author-admin","4":"post-4289","6":"format-standard","7":"category-najave"},"_links":{"self":[{"href":"http:\/\/www.zupa-leopold-mandic.hr\/index.php?rest_route=\/wp\/v2\/posts\/4289","targetHints":{"allow":["GET"]}}],"collection":[{"href":"http:\/\/www.zupa-leopold-mandic.hr\/index.php?rest_route=\/wp\/v2\/posts"}],"about":[{"href":"http:\/\/www.zupa-leopold-mandic.hr\/index.php?rest_route=\/wp\/v2\/types\/post"}],"author":[{"embeddable":true,"href":"http:\/\/www.zupa-leopold-mandic.hr\/index.php?rest_route=\/wp\/v2\/users\/1"}],"replies":[{"embeddable":true,"href":"http:\/\/www.zupa-leopold-mandic.hr\/index.php?rest_route=%2Fwp%2Fv2%2Fcomments&post=4289"}],"version-history":[{"count":2,"href":"http:\/\/www.zupa-leopold-mandic.hr\/index.php?rest_route=\/wp\/v2\/posts\/4289\/revisions"}],"predecessor-version":[{"id":4294,"href":"http:\/\/www.zupa-leopold-mandic.hr\/index.php?rest_route=\/wp\/v2\/posts\/4289\/revisions\/4294"}],"wp:attachment":[{"href":"http:\/\/www.zupa-leopold-mandic.hr\/index.php?rest_route=%2Fwp%2Fv2%2Fmedia&parent=4289"}],"wp:term":[{"taxonomy":"category","embeddable":true,"href":"http:\/\/www.zupa-leopold-mandic.hr\/index.php?rest_route=%2Fwp%2Fv2%2Fcategories&post=4289"},{"taxonomy":"post_tag","embeddable":true,"href":"http:\/\/www.zupa-leopold-mandic.hr\/index.php?rest_route=%2Fwp%2Fv2%2Ftags&post=4289"}],"curies":[{"name":"wp","href":"https:\/\/api.w.org\/{rel}","templated":true}]}}