{"id":4836,"date":"2018-09-24T20:41:30","date_gmt":"2018-09-24T19:41:30","guid":{"rendered":"http:\/\/www.zupa-leopold-mandic.hr\/?p=4836"},"modified":"2018-09-24T20:48:15","modified_gmt":"2018-09-24T19:48:15","slug":"pomocni-biskup-zagrebacki-mons-dr-ivan-sasko-u-zupi-sv-leopold-mandic-ljubljanica-voltino","status":"publish","type":"post","link":"http:\/\/www.zupa-leopold-mandic.hr\/?p=4836","title":{"rendered":"Pomo\u0107ni biskup zagreba\u010dki mons. dr. Ivan \u0160a\u0161ko u \u017eupi sv. Leopold Mandi\u0107, Ljubljanica &#8211; Voltino"},"content":{"rendered":"<p>Pomo\u0107ni biskup zagreba\u010dki mons. dr. Ivan \u0160a\u0161ko predvodio je u \u010detvrtak 20. rujna 2018. godine, na dan Godi\u0161njeg klanjanja u \u017eupi sv. Leopold Mandi\u0107, Ljubljanica &#8211; Voltino, sve\u010dano euharistijsko slavlje u 19 sati. Tom je prigodom, u nazo\u010dnosti sve\u0107enika, brojnih vjernika \u017eupljana i hodo\u010dasnika iz Tre\u0161njeva\u010dkog dekanata, mons. dr. \u0160a\u0161ko, blagoslovio oltarnu sliku \u00bbPoliptih milosr\u0111a\u00ab autora Marijana Jakubina.<\/p>\n<p>U homiliji, nadahnutoj odlomkom iz Lukinog evan\u0111elja o potresnom susretu Isusa i \u017eene grje\u0161nice u farizejevoj ku\u0107i (Lk 7, 36-50), biskup je uputio poruku o dubini i snazi susreta raskajanog grje\u0161nika i Bo\u017ejeg milosr\u0111a. Mons. dr. \u0160a\u0161ko, puku razumljivim i svakoj du\u0161i bliskim i toplim rije\u010dima, protuma\u010dio je i temeljnu poruku poliptihalne cjeline \u00bbPoliptiha milosr\u0111a\u00ab koju tvore motivi Bo\u017ejeg milosr\u0111a iz Lukina evan\u0111elja (Lk 15, 11-32; Lk 10, 25-37). Svi oni, bilo kao cjelina ili pojedina\u010dno, govore o Bo\u017ejem milosr\u0111u i pra\u0161tanju. U sredi\u0161tu oltarnog poliptiha postavljena je slika sv. Leopolda Mandi\u0107a, za\u0161titnika \u017eupe, sveca oprosta i Bo\u017ejeg milosr\u0111a.<\/p>\n<p>Nakon sve\u010danog euharistijskog slavlja i blagoslova, \u017eupna je zajednica imala prigodu za susret s biskupom i sve\u0107enicima iz Tre\u0161njeva\u010dkog dekanata te za uzajamno dru\u017eenje.<\/p>\n<p>&nbsp;<\/p>\n<p>dr. sc. Andrea Hori\u0107<\/p>\n<p>medijska suradnica<\/p>\n<p>\u017eupa sv. Leopold Mandi\u0107, Ljubljanica \u2013 Voltino, Zagreb<\/p>\n<p>&nbsp;<\/p>\n<p><a href=\"http:\/\/www.zupa-leopold-mandic.hr\/wp-content\/uploads\/2018\/09\/ZLP_Voltino_Zg_IS_20180920-2.jpg\"><img loading=\"lazy\" decoding=\"async\" class=\"alignnone wp-image-4837 size-medium\" src=\"http:\/\/www.zupa-leopold-mandic.hr\/wp-content\/uploads\/2018\/09\/ZLP_Voltino_Zg_IS_20180920-2-300x300.jpg\" alt=\"ZLP_Voltino_Zg_IS_20180920 (2)\" width=\"300\" height=\"300\" srcset=\"http:\/\/www.zupa-leopold-mandic.hr\/wp-content\/uploads\/2018\/09\/ZLP_Voltino_Zg_IS_20180920-2-300x300.jpg 300w, http:\/\/www.zupa-leopold-mandic.hr\/wp-content\/uploads\/2018\/09\/ZLP_Voltino_Zg_IS_20180920-2-150x150.jpg 150w, http:\/\/www.zupa-leopold-mandic.hr\/wp-content\/uploads\/2018\/09\/ZLP_Voltino_Zg_IS_20180920-2-1024x1024.jpg 1024w\" sizes=\"auto, (max-width: 300px) 100vw, 300px\" \/><\/a> <a href=\"http:\/\/www.zupa-leopold-mandic.hr\/wp-content\/uploads\/2018\/09\/ZLP_Voltino_Zg_IS_20180920-4.jpg\"><img loading=\"lazy\" decoding=\"async\" class=\"alignnone wp-image-4838 size-medium\" src=\"http:\/\/www.zupa-leopold-mandic.hr\/wp-content\/uploads\/2018\/09\/ZLP_Voltino_Zg_IS_20180920-4-300x300.jpg\" alt=\"ZLP_Voltino_Zg_IS_20180920 (4)\" width=\"300\" height=\"300\" srcset=\"http:\/\/www.zupa-leopold-mandic.hr\/wp-content\/uploads\/2018\/09\/ZLP_Voltino_Zg_IS_20180920-4-300x300.jpg 300w, http:\/\/www.zupa-leopold-mandic.hr\/wp-content\/uploads\/2018\/09\/ZLP_Voltino_Zg_IS_20180920-4-150x150.jpg 150w, http:\/\/www.zupa-leopold-mandic.hr\/wp-content\/uploads\/2018\/09\/ZLP_Voltino_Zg_IS_20180920-4-1024x1024.jpg 1024w\" sizes=\"auto, (max-width: 300px) 100vw, 300px\" \/><\/a><\/p>\n<p><em>Autor fotografija: Tihomir Stan\u010dec<\/em><\/p>\n","protected":false},"excerpt":{"rendered":"<p>Pomo\u0107ni biskup zagreba\u010dki mons. dr. Ivan \u0160a\u0161ko predvodio je u \u010detvrtak 20. rujna 2018. godine, na dan Godi\u0161njeg klanjanja u \u017eupi sv. Leopold Mandi\u0107, Ljubljanica &#8211; Voltino, sve\u010dano euharistijsko slavlje u 19 sati. Tom je prigodom, u nazo\u010dnosti sve\u0107enika, brojnih vjernika \u017eupljana i hodo\u010dasnika iz Tre\u0161njeva\u010dkog dekanata, mons. dr. \u0160a\u0161ko, blagoslovio oltarnu sliku \u00bbPoliptih milosr\u0111a\u00ab &#8230; <span class=\"more\"><a class=\"more-link\" href=\"http:\/\/www.zupa-leopold-mandic.hr\/?p=4836\">Vi\u0161e&#8230;<\/a><\/span><\/p>\n","protected":false},"author":1,"featured_media":0,"comment_status":"closed","ping_status":"closed","sticky":false,"template":"","format":"standard","meta":{"footnotes":""},"categories":[131],"tags":[],"class_list":{"0":"entry","1":"post","2":"publish","3":"author-admin","4":"post-4836","6":"format-standard","7":"category-najave"},"_links":{"self":[{"href":"http:\/\/www.zupa-leopold-mandic.hr\/index.php?rest_route=\/wp\/v2\/posts\/4836","targetHints":{"allow":["GET"]}}],"collection":[{"href":"http:\/\/www.zupa-leopold-mandic.hr\/index.php?rest_route=\/wp\/v2\/posts"}],"about":[{"href":"http:\/\/www.zupa-leopold-mandic.hr\/index.php?rest_route=\/wp\/v2\/types\/post"}],"author":[{"embeddable":true,"href":"http:\/\/www.zupa-leopold-mandic.hr\/index.php?rest_route=\/wp\/v2\/users\/1"}],"replies":[{"embeddable":true,"href":"http:\/\/www.zupa-leopold-mandic.hr\/index.php?rest_route=%2Fwp%2Fv2%2Fcomments&post=4836"}],"version-history":[{"count":3,"href":"http:\/\/www.zupa-leopold-mandic.hr\/index.php?rest_route=\/wp\/v2\/posts\/4836\/revisions"}],"predecessor-version":[{"id":4844,"href":"http:\/\/www.zupa-leopold-mandic.hr\/index.php?rest_route=\/wp\/v2\/posts\/4836\/revisions\/4844"}],"wp:attachment":[{"href":"http:\/\/www.zupa-leopold-mandic.hr\/index.php?rest_route=%2Fwp%2Fv2%2Fmedia&parent=4836"}],"wp:term":[{"taxonomy":"category","embeddable":true,"href":"http:\/\/www.zupa-leopold-mandic.hr\/index.php?rest_route=%2Fwp%2Fv2%2Fcategories&post=4836"},{"taxonomy":"post_tag","embeddable":true,"href":"http:\/\/www.zupa-leopold-mandic.hr\/index.php?rest_route=%2Fwp%2Fv2%2Ftags&post=4836"}],"curies":[{"name":"wp","href":"https:\/\/api.w.org\/{rel}","templated":true}]}}