{"id":808,"date":"2008-05-12T12:39:37","date_gmt":"2008-05-12T12:39:37","guid":{"rendered":"http:\/\/www.zupa-leopold-mandic.hr\/?p=808"},"modified":"2015-09-29T23:25:57","modified_gmt":"2015-09-29T22:25:57","slug":"blagdan-sv-leopolda-b-mandica","status":"publish","type":"post","link":"http:\/\/www.zupa-leopold-mandic.hr\/?p=808","title":{"rendered":"Blagdan Sv. Leopolda B. Mandi\u0107a"},"content":{"rendered":"<p>Pripravljali smo se kroz devetnicu i intenzivnije kroz trodnevnicu. Sredi\u0161nje misno slavlje blagdana bilo je 12. svibnja u 19.00 sati kada je sv. misu predvodio pater fra Zvjezdan Lini\u0107, svima dobro poznati sve\u0107enik \u010dija je propovijed opet podsjetila na na\u0161eg za\u0161titnika sv. Leopolda, ali pod malo druk\u010dijim vidom. Naime, fra Zvjezdan istaknuo je u svojoj propovijedi da je silna \u017eelja sv. Leopolda<br \/>\nbila da se svaki vjernik koji k njemu pristupi ispovijedi, nakon te ispovijedi doista i obrati, tj. promijeni svoj \u017eivot. Nadalje, upozorava fra Zvjezdan da na\u0161e ispovijedi nikako ne bi smjele biti konvencionalne, takve da bismo im pristupali povr\u0161no i s mi\u0161lju \u2013 ah, dobro sad \u0107u priznati svoj grijeh, ali znaju\u0107i da \u0107u opet sagrije\u0161iti, opet \u0107u i\u0107i na ispovijed. Takav stav nikako nije dobar, nego sakrament ispovijedi jest taj koji svojim milosrdnim djelovanjem poma\u017ee da se popravimo, ali odluku moramo donijeti mi sami i nastojati intenzivnijom molitvom u\u010diniti obrat, raskrstiti s na\u0161om stare\u017ei. Fra Zvjezdan tako\u0111er svjedo\u010di da je nebrojeno puta u njegovoj pastoralnoj praksi do\u0161lo do velikih preokreta u du\u0161ama ba\u0161 zbog iskrene i duboke ispovijedi nakon koje se vjernik preobra\u017eava jer ispovijed doista ima takvu silu, mo\u0107, milost i blagotvornost, a sv. Leopold je sav svoj \u017eivot podredio da ljudi osjete upravo kroz taj sakrament svu Bo\u017eju ljubav prema nama.<\/p>\n","protected":false},"excerpt":{"rendered":"<p>Pripravljali smo se kroz devetnicu i intenzivnije kroz trodnevnicu. Sredi\u0161nje misno slavlje blagdana bilo je 12. svibnja u 19.00 sati kada je sv. misu predvodio pater fra Zvjezdan Lini\u0107, svima dobro poznati sve\u0107enik \u010dija je propovijed opet podsjetila na na\u0161eg za\u0161titnika sv. Leopolda, ali pod malo druk\u010dijim vidom. Naime, fra Zvjezdan istaknuo je u svojoj &#8230; <span class=\"more\"><a class=\"more-link\" href=\"http:\/\/www.zupa-leopold-mandic.hr\/?p=808\">Vi\u0161e&#8230;<\/a><\/span><\/p>\n","protected":false},"author":1,"featured_media":0,"comment_status":"closed","ping_status":"closed","sticky":false,"template":"","format":"standard","meta":{"footnotes":""},"categories":[52],"tags":[],"class_list":{"0":"entry","1":"post","2":"publish","3":"author-admin","4":"post-808","6":"format-standard","7":"category-zupni-blagdan"},"_links":{"self":[{"href":"http:\/\/www.zupa-leopold-mandic.hr\/index.php?rest_route=\/wp\/v2\/posts\/808","targetHints":{"allow":["GET"]}}],"collection":[{"href":"http:\/\/www.zupa-leopold-mandic.hr\/index.php?rest_route=\/wp\/v2\/posts"}],"about":[{"href":"http:\/\/www.zupa-leopold-mandic.hr\/index.php?rest_route=\/wp\/v2\/types\/post"}],"author":[{"embeddable":true,"href":"http:\/\/www.zupa-leopold-mandic.hr\/index.php?rest_route=\/wp\/v2\/users\/1"}],"replies":[{"embeddable":true,"href":"http:\/\/www.zupa-leopold-mandic.hr\/index.php?rest_route=%2Fwp%2Fv2%2Fcomments&post=808"}],"version-history":[{"count":2,"href":"http:\/\/www.zupa-leopold-mandic.hr\/index.php?rest_route=\/wp\/v2\/posts\/808\/revisions"}],"predecessor-version":[{"id":1211,"href":"http:\/\/www.zupa-leopold-mandic.hr\/index.php?rest_route=\/wp\/v2\/posts\/808\/revisions\/1211"}],"wp:attachment":[{"href":"http:\/\/www.zupa-leopold-mandic.hr\/index.php?rest_route=%2Fwp%2Fv2%2Fmedia&parent=808"}],"wp:term":[{"taxonomy":"category","embeddable":true,"href":"http:\/\/www.zupa-leopold-mandic.hr\/index.php?rest_route=%2Fwp%2Fv2%2Fcategories&post=808"},{"taxonomy":"post_tag","embeddable":true,"href":"http:\/\/www.zupa-leopold-mandic.hr\/index.php?rest_route=%2Fwp%2Fv2%2Ftags&post=808"}],"curies":[{"name":"wp","href":"https:\/\/api.w.org\/{rel}","templated":true}]}}