{"id":866,"date":"2008-12-08T14:09:45","date_gmt":"2008-12-08T13:09:45","guid":{"rendered":"http:\/\/www.zupa-leopold-mandic.hr\/?p=866"},"modified":"2015-09-29T23:25:57","modified_gmt":"2015-09-29T22:25:57","slug":"nas-zupljanin-i-vjeroucitelj-stipo-saric-zareden-za-trajnog-dakona","status":"publish","type":"post","link":"http:\/\/www.zupa-leopold-mandic.hr\/?p=866","title":{"rendered":"Na\u0161 \u017eupljanin i vjerou\u010ditelj, Stipo \u0160ari\u0107, zare\u0111en za trajnog \u0111akona"},"content":{"rendered":"<p>Na\u0161 \u017eupljanin i vjerou\u010ditelj, Stipo \u0160ari\u0107, zare\u0111en za trajnog \u0111akona Danas, na blagdan Bezgre\u0161noga za\u010de\u0107a Bla\u017eene Djevice Marije, u 18 sati u zagreba\u010dkoj je katedrali odr\u017eano sve\u010dano misno slavlje na kojemu je zagreba\u010dki nadbiskup kardinal Josip Bozani\u0107 podijelio red \u0111akonata sedmorici kandidata za trajni \u0111akonat. <a>Jedan od njih je i na\u0161 \u017eupljanin i vjerou\u010ditelj u O\u0160 Voltino, g. Stipo \u0160ari\u0107<\/a>. Ovo je po prvi put u povijesti zagreba\u010dke nadbiskupije da se zare\u0111uju o\u017eenjeni mu\u017eevi za trajne \u0111akone. Do sada je bila praksa primanja \u0111akonata samo kao prijelaza na putu prema sve\u0107eni\u0161tvu. Svaki sve\u0107enik je odre\u0111eno vrijeme, (otprilike jednu godinu) najprije \u0111akon. Na taj na\u010din na\u0161a nadbiskupija se pridru\u017eila praksi prve Crkve, a u dana\u0161njem vremenu i mnogih europskih crkava koje su ve\u0107 prije nekoliko desetlje\u0107a uvele praksu re\u0111enja o\u017eenjenih vjernika za \u0111akone.<em> <\/em>Mo\u017eemo re\u0107i da \u0107e na\u0161a \u017eupna zajednica ovim re\u0111enjem proslaviti svoje prvo duhovno zvanje. Jer red \u0111akonata je tako\u0111er duhovni poziv i slu\u017eba u hijerarhiji crkve. Ovim \u010dinom \u0107emo radosnije u\u010di u novu crkvenu godinu i u predstoje\u0107e bo\u017ei\u0107ne blagdane. Nakon re\u0111enja, \u0111akoni \u0107e biti na raspolaganju u svojim \u017eupama do 31. sije\u010dnja 2009. godine, a nakon toga \u0107e im dekretom nadbiskupa biti odre\u0111enja zadu\u017eenja. Nadam se da \u0107e u skoroj budu\u0107nosti na\u0161a \u017eupa iznjedriti i koje sve\u0107eni\u010dko ili redovni\u010dko zvanje. U tom smislu pozivam sve \u017eupljane na molitvu, osobito svake prve subote u mjesecu kada je u \u010ditavoj Crkvi molitva za duhovna zvanja! <em>\u00a0<\/em><a href=\"http:\/\/www.ika.hr\/index.php?prikaz=vijest&amp;ID=108181\" target=\"_blank\">Pro\u010ditajte homiliju zagreba\u010dkoga nadbiskupa kardinala Josipa Bozani\u0107a&#8230;<\/a> i foto reporta\u017eu u <a href=\"http:\/\/www.glas-koncila.hr\/portal.html?catID=2&amp;conID=9249&amp;act=view\" target=\"_blank\">Glasu Koncila<\/a>, te pogledajte <a>prilog iz Dnevnika HTV-a<\/a>.<\/p>\n","protected":false},"excerpt":{"rendered":"<p>Na\u0161 \u017eupljanin i vjerou\u010ditelj, Stipo \u0160ari\u0107, zare\u0111en za trajnog \u0111akona Danas, na blagdan Bezgre\u0161noga za\u010de\u0107a Bla\u017eene Djevice Marije, u 18 sati u zagreba\u010dkoj je katedrali odr\u017eano sve\u010dano misno slavlje na kojemu je zagreba\u010dki nadbiskup kardinal Josip Bozani\u0107 podijelio red \u0111akonata sedmorici kandidata za trajni \u0111akonat. Jedan od njih je i na\u0161 \u017eupljanin i vjerou\u010ditelj u &#8230; <span class=\"more\"><a class=\"more-link\" href=\"http:\/\/www.zupa-leopold-mandic.hr\/?p=866\">Vi\u0161e&#8230;<\/a><\/span><\/p>\n","protected":false},"author":1,"featured_media":0,"comment_status":"closed","ping_status":"closed","sticky":false,"template":"","format":"standard","meta":{"footnotes":""},"categories":[9],"tags":[],"class_list":{"0":"entry","1":"post","2":"publish","3":"author-admin","4":"post-866","6":"format-standard","7":"category-osoblje"},"_links":{"self":[{"href":"http:\/\/www.zupa-leopold-mandic.hr\/index.php?rest_route=\/wp\/v2\/posts\/866","targetHints":{"allow":["GET"]}}],"collection":[{"href":"http:\/\/www.zupa-leopold-mandic.hr\/index.php?rest_route=\/wp\/v2\/posts"}],"about":[{"href":"http:\/\/www.zupa-leopold-mandic.hr\/index.php?rest_route=\/wp\/v2\/types\/post"}],"author":[{"embeddable":true,"href":"http:\/\/www.zupa-leopold-mandic.hr\/index.php?rest_route=\/wp\/v2\/users\/1"}],"replies":[{"embeddable":true,"href":"http:\/\/www.zupa-leopold-mandic.hr\/index.php?rest_route=%2Fwp%2Fv2%2Fcomments&post=866"}],"version-history":[{"count":3,"href":"http:\/\/www.zupa-leopold-mandic.hr\/index.php?rest_route=\/wp\/v2\/posts\/866\/revisions"}],"predecessor-version":[{"id":3357,"href":"http:\/\/www.zupa-leopold-mandic.hr\/index.php?rest_route=\/wp\/v2\/posts\/866\/revisions\/3357"}],"wp:attachment":[{"href":"http:\/\/www.zupa-leopold-mandic.hr\/index.php?rest_route=%2Fwp%2Fv2%2Fmedia&parent=866"}],"wp:term":[{"taxonomy":"category","embeddable":true,"href":"http:\/\/www.zupa-leopold-mandic.hr\/index.php?rest_route=%2Fwp%2Fv2%2Fcategories&post=866"},{"taxonomy":"post_tag","embeddable":true,"href":"http:\/\/www.zupa-leopold-mandic.hr\/index.php?rest_route=%2Fwp%2Fv2%2Ftags&post=866"}],"curies":[{"name":"wp","href":"https:\/\/api.w.org\/{rel}","templated":true}]}}