{"id":939,"date":"2009-10-15T11:08:30","date_gmt":"2009-10-15T10:08:30","guid":{"rendered":"http:\/\/www.zupa-leopold-mandic.hr\/?p=939"},"modified":"2015-09-29T23:25:56","modified_gmt":"2015-09-29T22:25:56","slug":"studenti-i-studentice-brucosi-i-brucosice-s-voltinog-i-ljubljanice-bili-na-sv-misi-u-katedrali","status":"publish","type":"post","link":"http:\/\/www.zupa-leopold-mandic.hr\/?p=939","title":{"rendered":"Studenti i studentice, bruco\u0161i i bruco\u0161ice s Voltinog i Ljubljanice bili na sv. misi u katedrali"},"content":{"rendered":"<p>U \u010detvrtak 15. listopada u 18 sati u katedrali je bila sve\u010dana koncelebrirana sv. misa sa zazivima Duhu Svetomu na po\u010detku 341. akademske godine Sveu\u010dili\u0161ta u Zagrebu. Neki novi studenti tj. bruco\u0161i usmenom predajom saznali su za tu sve\u010danu misu i bili iznena\u0111eni brojno\u0161\u0107u studenata, njihovih profesora, sve\u0107enika i ostalog naroda koji se skupio kako bi uistinu sve\u010danom sv. misom otvorio novu akademsku \u0161kolsku godinu. Po pri\u010danju osobito je bilo dojmljivo dugotrajno ka\u0111enje oltara uz koralno pjevanje bogoslovskog zbora s katedralnog kora. Iako je katedrala bila dupkom puna, nazo\u010dni su uvidjeli da to nije ni pribli\u017eno dovoljno studenata i njihovih profesora na tom tako lijepom i va\u017enom bogoslu\u017eju.<br \/>\n&#8220;Studirajte i sami po\u0161teno istra\u017eujte, budite neumorni znanstvenici i ponizni tra\u017eitelji istine, promatrajte plodove onih koji vam se obra\u0107aju kako biste mogli provjeriti tko vam pru\u017ea ruku radosti i \u017eeli dobro&#8221;.<br \/>\nKako izvje\u0161tava portal Glasa Koncila, misnom slavlju u zagreba\u010dkoj katedrali nazo\u010dili su uz rektora Sveu\u010dili\u0161ta Aleksu Bjeli\u0161a, prorektore, dekane, prodekane, profesore, i mnogi studenti i studentice koji su do\u0161li moliti Bo\u017eju pomo\u0107 i blagoslov u svakodnevnim koracima akademskog \u017eivota. Predvode\u0107i misno slavlje uz koncelebraciju dvadesetak sve\u0107enika, me\u0111u kojima je bio dekan Katoli\u010dkoga bogoslovnog fakulteta dr. Josip Osli\u0107 i ve\u0107ina profesora, kardinal Bozani\u0107 posebno je pozdravio one koji su na po\u010detku svojeg akademskog putovanja, dok je u <a href=\"http:\/\/www.ika.hr\/index.php?prikaz=vijest&amp;ID=116140\" target=\"_blank\">homiliji<\/a> na vi\u0161e mjesta podsjetio sve studente na va\u017enost Bo\u017eje blizine u sveu\u010dili\u0161nom radu.<\/p>\n","protected":false},"excerpt":{"rendered":"<p>U \u010detvrtak 15. listopada u 18 sati u katedrali je bila sve\u010dana koncelebrirana sv. misa sa zazivima Duhu Svetomu na po\u010detku 341. akademske godine Sveu\u010dili\u0161ta u Zagrebu. Neki novi studenti tj. bruco\u0161i usmenom predajom saznali su za tu sve\u010danu misu i bili iznena\u0111eni brojno\u0161\u0107u studenata, njihovih profesora, sve\u0107enika i ostalog naroda koji se skupio kako &#8230; <span class=\"more\"><a class=\"more-link\" href=\"http:\/\/www.zupa-leopold-mandic.hr\/?p=939\">Vi\u0161e&#8230;<\/a><\/span><\/p>\n","protected":false},"author":1,"featured_media":0,"comment_status":"closed","ping_status":"closed","sticky":false,"template":"","format":"standard","meta":{"footnotes":""},"categories":[141],"tags":[],"class_list":{"0":"entry","1":"post","2":"publish","3":"author-admin","4":"post-939","6":"format-standard","7":"category-druzenja"},"_links":{"self":[{"href":"http:\/\/www.zupa-leopold-mandic.hr\/index.php?rest_route=\/wp\/v2\/posts\/939","targetHints":{"allow":["GET"]}}],"collection":[{"href":"http:\/\/www.zupa-leopold-mandic.hr\/index.php?rest_route=\/wp\/v2\/posts"}],"about":[{"href":"http:\/\/www.zupa-leopold-mandic.hr\/index.php?rest_route=\/wp\/v2\/types\/post"}],"author":[{"embeddable":true,"href":"http:\/\/www.zupa-leopold-mandic.hr\/index.php?rest_route=\/wp\/v2\/users\/1"}],"replies":[{"embeddable":true,"href":"http:\/\/www.zupa-leopold-mandic.hr\/index.php?rest_route=%2Fwp%2Fv2%2Fcomments&post=939"}],"version-history":[{"count":3,"href":"http:\/\/www.zupa-leopold-mandic.hr\/index.php?rest_route=\/wp\/v2\/posts\/939\/revisions"}],"predecessor-version":[{"id":3386,"href":"http:\/\/www.zupa-leopold-mandic.hr\/index.php?rest_route=\/wp\/v2\/posts\/939\/revisions\/3386"}],"wp:attachment":[{"href":"http:\/\/www.zupa-leopold-mandic.hr\/index.php?rest_route=%2Fwp%2Fv2%2Fmedia&parent=939"}],"wp:term":[{"taxonomy":"category","embeddable":true,"href":"http:\/\/www.zupa-leopold-mandic.hr\/index.php?rest_route=%2Fwp%2Fv2%2Fcategories&post=939"},{"taxonomy":"post_tag","embeddable":true,"href":"http:\/\/www.zupa-leopold-mandic.hr\/index.php?rest_route=%2Fwp%2Fv2%2Ftags&post=939"}],"curies":[{"name":"wp","href":"https:\/\/api.w.org\/{rel}","templated":true}]}}