{"id":2035,"date":"2012-09-01T13:32:56","date_gmt":"2012-09-01T13:32:56","guid":{"rendered":"http:\/\/www.zupa-leopold-mandic.hr\/?p=2035"},"modified":"2012-10-15T08:37:16","modified_gmt":"2012-10-15T08:37:16","slug":"kristijan-gataric-novi-je-kapelan-od-ljeta-2012","status":"publish","type":"post","link":"https:\/\/www.zupa-leopold-mandic.hr\/?p=2035","title":{"rendered":"Kristijan Gatari\u0107 novi je kapelan od ljeta 2012."},"content":{"rendered":"<p><a href=\"http:\/\/www.zupa-leopold-mandic.hr\/wp-content\/uploads\/2012\/10\/kapelan-gataric.png\"><img loading=\"lazy\" decoding=\"async\" class=\"size-full wp-image-2036 aligncenter\" title=\"kapelan-gataric\" src=\"http:\/\/www.zupa-leopold-mandic.hr\/wp-content\/uploads\/2012\/10\/kapelan-gataric.png\" alt=\"\" width=\"470\" height=\"300\" \/><\/a>U Zagreba\u010dkoj nadbiskupiji, prema odluci zagreba\u010dkog nadbiskupa kardinala Josipa Bozani\u0107a, u lipnju i srpnju ove godine bilo je vi\u0161e imenovanja i razrje\u0161enja. Vl\u010d. Ivan Valenti\u0107 razrije\u0161en je slu\u017ebe nadbiskupskog tajnika, a nadbiskupskim\u00a0 tajnikom imenovan je vl\u010d. Josip Horvat, dosada\u0161nji \u017eupni vikar u \u017eupi Blagovijesti \u2013 Navje\u0161tenja Gospodinova u Zagrebu \u2013 Vrbani i u \u017eupi Sv. Leopolda Mandi\u0107a u Zagrebu \u2013 Ljubljanica-Voltino. U \u017eupi Sv. Nikole Taveli\u0107a u Zagrebu \u2013 Kusto\u0161ija slu\u017ebe \u017eupnog vikara razrije\u0161en je Borna Pu\u0161kari\u0107, koji je upu\u0107en na studij u Rim, a \u017eupnim vikarom u Kusto\u0161iji imenovan je Ivan Valenti\u0107, koji \u0107e nastaviti studij na Katoli\u010dkom bogoslovnom fakultetu u Zagrebu.<\/p>\n<p>U \u017eupi Blagovijesti \u2013 Navje\u0161tenja Gospodinova u Zagrebu-Vrbani, kao i u \u017eupi Sv. Leopolda Mandi\u0107a u Zagrebu \u2013 Ljubljanica-Voltino, slu\u017ebe \u017eupnog vikara razrije\u0161en je Josip Horvat, a \u017eupnim vikarom u tim \u017eupama imenovan je Kristijan Gatari\u0107, mladomisnik. Evo kako nam se predstavio:<\/p>\n<blockquote><p>Ro\u0111en sam 4. lipnja 1980. godine u Karlovcu. Rodom sam iz maloga pitomog mjesta koje se zove Tre\u0161\u0107erovac, a nalazi se kraj Ozlja. Osnovnu \u0161kolu poha\u0111ao sam u Mahi\u010dnu i tamo primio sakramente kr\u0161\u0107anske inicijacije. Nakon zavr\u0161ene osnovne \u0161kole upisujem Dje\u010da\u010dko sjemeni\u0161te na \u0160alati, te Nadbiskupsku klasi\u010dnu gimnaziju 1995. g. Istoimenu gimnaziju zavr\u0161avam g. 1999. i upisujem Nadbiskupsko bogoslovno sjemeni\u0161te, te poha\u0111am Katoli\u010dki bogoslovni fakultet. Na tom fakultetu diplomiram 2005. g. Nakon zavr\u0161enog teolo\u0161kog studija zapo\u0161ljavam se kao vjerou\u010ditelj u Osnovnoj \u0161koli Slava Ra\u0161kaj u Ozlju i podru\u010dnim \u0161kolama Mali Erjavec i Hra\u0161\u0107e. Nakon tri godine rada u istoimenim \u0161kolama odlazim kao vjerou\u010ditelj u Osnovnu \u0161kolu Bra\u0107a Seljan u Karlovac gdje ostajem raditi pune tri godine. Uz posao upisujem postdiplomski studij iz pastoralne teologije na Katoli\u010dkom bogoslovnom fakultetu, te magistriram g. 2009. iz podru\u010dja \u201eOsobe s intelektualnim pote\u0161ko\u0107ama u \u017eupnoj zajednici\u201c. Nakon du\u017eeg razmi\u0161ljanja g. 2010. odlu\u010dujem se po\u0107i putem sve\u0107eni\u0161tva, te iste godine odlazim u Bogoslovno sjemeni\u0161te u Zagrebu. Boravim u sjemeni\u0161tu godinu dana, a zatim sam po odluci kardinala Josipa Bozani\u0107a poslan kao bogoslov na \u017eupu Navje\u0161tenja Bla\u017eene Djevice Marije u Veliku Goricu, gdje boravim godinu dana, te na \u017eupu Svih Svetih u Sesvete gdje sam vr\u0161io \u0111akonsku slu\u017ebu. Za \u0111akona sam zare\u0111en 3. prosinca 2011., a za sve\u0107enika 16. lipnja 2012. Mladu sam sv. misu slavio 1. srpnja 2012. Trenuta\u010dno sam na slu\u017ebi u dvije \u017eupe: Vrbani i Voltino-Ljubljanica.<\/p><\/blockquote>\n","protected":false},"excerpt":{"rendered":"<p>U Zagreba\u010dkoj nadbiskupiji, prema odluci zagreba\u010dkog nadbiskupa kardinala Josipa Bozani\u0107a, u lipnju i srpnju ove godine bilo je vi\u0161e imenovanja i razrje\u0161enja. Vl\u010d. Ivan Valenti\u0107 razrije\u0161en je slu\u017ebe nadbiskupskog tajnika, a nadbiskupskim\u00a0 tajnikom imenovan je vl\u010d. Josip Horvat, dosada\u0161nji \u017eupni vikar u \u017eupi Blagovijesti \u2013 Navje\u0161tenja Gospodinova u Zagrebu \u2013 Vrbani i u \u017eupi Sv. &#8230; <span class=\"more\"><a class=\"more-link\" href=\"https:\/\/www.zupa-leopold-mandic.hr\/?p=2035\">Vi\u0161e&#8230;<\/a><\/span><\/p>\n","protected":false},"author":1,"featured_media":2036,"comment_status":"open","ping_status":"open","sticky":false,"template":"","format":"standard","meta":{"footnotes":""},"categories":[9],"tags":[],"class_list":{"0":"entry","1":"post","2":"publish","3":"author-admin","4":"post-2035","6":"format-standard","7":"has-post-thumbnail","8":"category-osoblje"},"_links":{"self":[{"href":"https:\/\/www.zupa-leopold-mandic.hr\/index.php?rest_route=\/wp\/v2\/posts\/2035","targetHints":{"allow":["GET"]}}],"collection":[{"href":"https:\/\/www.zupa-leopold-mandic.hr\/index.php?rest_route=\/wp\/v2\/posts"}],"about":[{"href":"https:\/\/www.zupa-leopold-mandic.hr\/index.php?rest_route=\/wp\/v2\/types\/post"}],"author":[{"embeddable":true,"href":"https:\/\/www.zupa-leopold-mandic.hr\/index.php?rest_route=\/wp\/v2\/users\/1"}],"replies":[{"embeddable":true,"href":"https:\/\/www.zupa-leopold-mandic.hr\/index.php?rest_route=%2Fwp%2Fv2%2Fcomments&post=2035"}],"version-history":[{"count":5,"href":"https:\/\/www.zupa-leopold-mandic.hr\/index.php?rest_route=\/wp\/v2\/posts\/2035\/revisions"}],"predecessor-version":[{"id":2454,"href":"https:\/\/www.zupa-leopold-mandic.hr\/index.php?rest_route=\/wp\/v2\/posts\/2035\/revisions\/2454"}],"wp:featuredmedia":[{"embeddable":true,"href":"https:\/\/www.zupa-leopold-mandic.hr\/index.php?rest_route=\/wp\/v2\/media\/2036"}],"wp:attachment":[{"href":"https:\/\/www.zupa-leopold-mandic.hr\/index.php?rest_route=%2Fwp%2Fv2%2Fmedia&parent=2035"}],"wp:term":[{"taxonomy":"category","embeddable":true,"href":"https:\/\/www.zupa-leopold-mandic.hr\/index.php?rest_route=%2Fwp%2Fv2%2Fcategories&post=2035"},{"taxonomy":"post_tag","embeddable":true,"href":"https:\/\/www.zupa-leopold-mandic.hr\/index.php?rest_route=%2Fwp%2Fv2%2Ftags&post=2035"}],"curies":[{"name":"wp","href":"https:\/\/api.w.org\/{rel}","templated":true}]}}